{"id":578,"date":"2023-06-12T15:34:33","date_gmt":"2023-06-12T13:34:33","guid":{"rendered":"http:\/\/www.lesvelosdarthur.fr\/?p=578"},"modified":"2025-01-03T14:48:37","modified_gmt":"2025-01-03T13:48:37","slug":"visite-dolivier-schneider-president-de-la-fub-federation-des-usagers-de-la-bicyclette","status":"publish","type":"post","link":"https:\/\/www.lesvelosdarthur.fr\/index.php\/2023\/06\/12\/visite-dolivier-schneider-president-de-la-fub-federation-des-usagers-de-la-bicyclette\/","title":{"rendered":"Visite d&rsquo;Olivier Schneider pr\u00e9sident de la FUB F\u00e9d\u00e9ration des Usagers de la Bicyclette."},"content":{"rendered":"\n<figure class=\"wp-block-image size-large\"><img loading=\"lazy\" decoding=\"async\" width=\"1024\" height=\"578\" src=\"http:\/\/www.lesvelosdarthur.fr\/lesvelosdarthur\/wp-content\/uploads\/2023\/06\/IMG20230611111316_01-1024x578.jpg\" alt=\"\" class=\"wp-image-580\" srcset=\"https:\/\/www.lesvelosdarthur.fr\/lesvelosdarthur\/wp-content\/uploads\/2023\/06\/IMG20230611111316_01-1024x578.jpg 1024w, https:\/\/www.lesvelosdarthur.fr\/lesvelosdarthur\/wp-content\/uploads\/2023\/06\/IMG20230611111316_01-300x169.jpg 300w, https:\/\/www.lesvelosdarthur.fr\/lesvelosdarthur\/wp-content\/uploads\/2023\/06\/IMG20230611111316_01-768x433.jpg 768w, https:\/\/www.lesvelosdarthur.fr\/lesvelosdarthur\/wp-content\/uploads\/2023\/06\/IMG20230611111316_01-1536x866.jpg 1536w, https:\/\/www.lesvelosdarthur.fr\/lesvelosdarthur\/wp-content\/uploads\/2023\/06\/IMG20230611111316_01-2048x1155.jpg 2048w\" sizes=\"auto, (max-width: 706px) 89vw, (max-width: 767px) 82vw, 740px\" \/><\/figure>\n\n\n\n<p>Olivier Schneider est pass\u00e9 sur notre stand en compagnie d&rsquo;Aur\u00e9lie, membre du conseil d&rsquo;administration de l&rsquo;association Ma Ville \u00e0 V\u00e9lo 08 lors de la manifestation \u00c9chapp\u00e9e belle #1 le 11 juin 2023 sur le site de la Mac\u00e9rienne de Charleville M\u00e9zi\u00e8res.<\/p>\n\n\n\n<p>I<a href=\"https:\/\/twitter.com\/oschneider_fub\/status\/1667872066899410944\">l a publi\u00e9 un message twitter \u00e0 ce sujet  ici <\/a>:<\/p>\n\n\n\n<p><\/p>\n","protected":false},"excerpt":{"rendered":"<p>Olivier Schneider est pass\u00e9 sur notre stand en compagnie d&rsquo;Aur\u00e9lie, membre du conseil d&rsquo;administration de l&rsquo;association Ma Ville \u00e0 V\u00e9lo 08 lors de la manifestation \u00c9chapp\u00e9e belle #1 le 11 juin 2023 sur le site de la Mac\u00e9rienne de Charleville M\u00e9zi\u00e8res. Il a publi\u00e9 un message twitter \u00e0 ce sujet ici :<\/p>\n","protected":false},"author":1,"featured_media":0,"comment_status":"open","ping_status":"open","sticky":false,"template":"","format":"standard","meta":{"footnotes":""},"categories":[1],"tags":[],"class_list":["post-578","post","type-post","status-publish","format-standard","hentry","category-non-classe"],"_links":{"self":[{"href":"https:\/\/www.lesvelosdarthur.fr\/index.php\/wp-json\/wp\/v2\/posts\/578","targetHints":{"allow":["GET"]}}],"collection":[{"href":"https:\/\/www.lesvelosdarthur.fr\/index.php\/wp-json\/wp\/v2\/posts"}],"about":[{"href":"https:\/\/www.lesvelosdarthur.fr\/index.php\/wp-json\/wp\/v2\/types\/post"}],"author":[{"embeddable":true,"href":"https:\/\/www.lesvelosdarthur.fr\/index.php\/wp-json\/wp\/v2\/users\/1"}],"replies":[{"embeddable":true,"href":"https:\/\/www.lesvelosdarthur.fr\/index.php\/wp-json\/wp\/v2\/comments?post=578"}],"version-history":[{"count":5,"href":"https:\/\/www.lesvelosdarthur.fr\/index.php\/wp-json\/wp\/v2\/posts\/578\/revisions"}],"predecessor-version":[{"id":742,"href":"https:\/\/www.lesvelosdarthur.fr\/index.php\/wp-json\/wp\/v2\/posts\/578\/revisions\/742"}],"wp:attachment":[{"href":"https:\/\/www.lesvelosdarthur.fr\/index.php\/wp-json\/wp\/v2\/media?parent=578"}],"wp:term":[{"taxonomy":"category","embeddable":true,"href":"https:\/\/www.lesvelosdarthur.fr\/index.php\/wp-json\/wp\/v2\/categories?post=578"},{"taxonomy":"post_tag","embeddable":true,"href":"https:\/\/www.lesvelosdarthur.fr\/index.php\/wp-json\/wp\/v2\/tags?post=578"}],"curies":[{"name":"wp","href":"https:\/\/api.w.org\/{rel}","templated":true}]}}