{"id":568,"date":"2023-06-12T15:22:49","date_gmt":"2023-06-12T13:22:49","guid":{"rendered":"http:\/\/www.lesvelosdarthur.fr\/?p=568"},"modified":"2023-06-12T15:22:49","modified_gmt":"2023-06-12T13:22:49","slug":"echappee-belle-1","status":"publish","type":"post","link":"https:\/\/www.lesvelosdarthur.fr\/index.php\/2023\/06\/12\/echappee-belle-1\/","title":{"rendered":"Echapp\u00e9e belle #1"},"content":{"rendered":"\n<figure class=\"wp-block-image size-large\"><img loading=\"lazy\" decoding=\"async\" width=\"1024\" height=\"578\" src=\"http:\/\/www.lesvelosdarthur.fr\/lesvelosdarthur\/wp-content\/uploads\/2023\/06\/IMG20230611170636-1024x578.jpg\" alt=\"\u00c9chapp\u00e9 belle\" class=\"wp-image-570\" srcset=\"https:\/\/www.lesvelosdarthur.fr\/lesvelosdarthur\/wp-content\/uploads\/2023\/06\/IMG20230611170636-1024x578.jpg 1024w, https:\/\/www.lesvelosdarthur.fr\/lesvelosdarthur\/wp-content\/uploads\/2023\/06\/IMG20230611170636-300x169.jpg 300w, https:\/\/www.lesvelosdarthur.fr\/lesvelosdarthur\/wp-content\/uploads\/2023\/06\/IMG20230611170636-768x433.jpg 768w, https:\/\/www.lesvelosdarthur.fr\/lesvelosdarthur\/wp-content\/uploads\/2023\/06\/IMG20230611170636-1536x866.jpg 1536w, https:\/\/www.lesvelosdarthur.fr\/lesvelosdarthur\/wp-content\/uploads\/2023\/06\/IMG20230611170636-2048x1155.jpg 2048w\" sizes=\"auto, (max-width: 706px) 89vw, (max-width: 767px) 82vw, 740px\" \/><figcaption class=\"wp-element-caption\">Notre stand<\/figcaption><\/figure>\n\n\n\n<p>Nous \u00e9tions pr\u00e9sents \u00e0 la manifestation \u00c9chapp\u00e9 belle #1 organis\u00e9e par le FRAP \u00e0 la Mac\u00e9rienne de Charleville M\u00e9zi\u00e8res<\/p>\n\n\n\n<p><\/p>\n\n\n\n<figure class=\"wp-block-image size-full\"><img loading=\"lazy\" decoding=\"async\" width=\"960\" height=\"503\" src=\"http:\/\/www.lesvelosdarthur.fr\/lesvelosdarthur\/wp-content\/uploads\/2023\/06\/EchappeeBelle.jpg\" alt=\"\" class=\"wp-image-573\" srcset=\"https:\/\/www.lesvelosdarthur.fr\/lesvelosdarthur\/wp-content\/uploads\/2023\/06\/EchappeeBelle.jpg 960w, https:\/\/www.lesvelosdarthur.fr\/lesvelosdarthur\/wp-content\/uploads\/2023\/06\/EchappeeBelle-300x157.jpg 300w, https:\/\/www.lesvelosdarthur.fr\/lesvelosdarthur\/wp-content\/uploads\/2023\/06\/EchappeeBelle-768x402.jpg 768w\" sizes=\"auto, (max-width: 706px) 89vw, (max-width: 767px) 82vw, 740px\" \/><\/figure>\n\n\n\n<p>Avec le programme :<\/p>\n\n\n\n<figure class=\"wp-block-image size-full\"><img loading=\"lazy\" decoding=\"async\" width=\"1024\" height=\"731\" src=\"http:\/\/www.lesvelosdarthur.fr\/lesvelosdarthur\/wp-content\/uploads\/2023\/06\/Echappees-Belles-2023.png\" alt=\"\" class=\"wp-image-574\" srcset=\"https:\/\/www.lesvelosdarthur.fr\/lesvelosdarthur\/wp-content\/uploads\/2023\/06\/Echappees-Belles-2023.png 1024w, https:\/\/www.lesvelosdarthur.fr\/lesvelosdarthur\/wp-content\/uploads\/2023\/06\/Echappees-Belles-2023-300x214.png 300w, https:\/\/www.lesvelosdarthur.fr\/lesvelosdarthur\/wp-content\/uploads\/2023\/06\/Echappees-Belles-2023-768x548.png 768w\" sizes=\"auto, (max-width: 706px) 89vw, (max-width: 767px) 82vw, 740px\" \/><\/figure>\n\n\n\n<p>Et encore plus d&rsquo;info sur le site de l&rsquo;association locale Ma Ville \u00e0 V\u00e9lo 08 en cliquant sur leur logo<\/p>\n\n\n\n<figure class=\"wp-block-image size-full\"><a href=\"https:\/\/mavilleavelo08.fr\/wordpress\/echappees-belle-9-10-et-11-juin\/#more-6732\"><img loading=\"lazy\" decoding=\"async\" width=\"515\" height=\"515\" src=\"http:\/\/www.lesvelosdarthur.fr\/lesvelosdarthur\/wp-content\/uploads\/2023\/06\/Logo_mvav08.png\" alt=\"\" class=\"wp-image-576\" srcset=\"https:\/\/www.lesvelosdarthur.fr\/lesvelosdarthur\/wp-content\/uploads\/2023\/06\/Logo_mvav08.png 515w, https:\/\/www.lesvelosdarthur.fr\/lesvelosdarthur\/wp-content\/uploads\/2023\/06\/Logo_mvav08-300x300.png 300w, https:\/\/www.lesvelosdarthur.fr\/lesvelosdarthur\/wp-content\/uploads\/2023\/06\/Logo_mvav08-150x150.png 150w, https:\/\/www.lesvelosdarthur.fr\/lesvelosdarthur\/wp-content\/uploads\/2023\/06\/Logo_mvav08-100x100.png 100w\" sizes=\"auto, (max-width: 515px) 100vw, 515px\" \/><\/a><\/figure>\n\n\n\n<div class=\"wp-block-media-text alignwide is-stacked-on-mobile\"><figure class=\"wp-block-media-text__media\"><\/figure><div class=\"wp-block-media-text__content\">\n<p><\/p>\n<\/div><\/div>\n\n\n\n<p><\/p>\n","protected":false},"excerpt":{"rendered":"<p>Nous \u00e9tions pr\u00e9sents \u00e0 la manifestation \u00c9chapp\u00e9 belle #1 organis\u00e9e par le FRAP \u00e0 la Mac\u00e9rienne de Charleville M\u00e9zi\u00e8res Avec le programme : Et encore plus d&rsquo;info sur le site de l&rsquo;association locale Ma Ville \u00e0 V\u00e9lo 08 en cliquant sur leur logo<\/p>\n","protected":false},"author":1,"featured_media":0,"comment_status":"open","ping_status":"open","sticky":false,"template":"","format":"standard","meta":{"footnotes":""},"categories":[1],"tags":[],"class_list":["post-568","post","type-post","status-publish","format-standard","hentry","category-non-classe"],"_links":{"self":[{"href":"https:\/\/www.lesvelosdarthur.fr\/index.php\/wp-json\/wp\/v2\/posts\/568","targetHints":{"allow":["GET"]}}],"collection":[{"href":"https:\/\/www.lesvelosdarthur.fr\/index.php\/wp-json\/wp\/v2\/posts"}],"about":[{"href":"https:\/\/www.lesvelosdarthur.fr\/index.php\/wp-json\/wp\/v2\/types\/post"}],"author":[{"embeddable":true,"href":"https:\/\/www.lesvelosdarthur.fr\/index.php\/wp-json\/wp\/v2\/users\/1"}],"replies":[{"embeddable":true,"href":"https:\/\/www.lesvelosdarthur.fr\/index.php\/wp-json\/wp\/v2\/comments?post=568"}],"version-history":[{"count":5,"href":"https:\/\/www.lesvelosdarthur.fr\/index.php\/wp-json\/wp\/v2\/posts\/568\/revisions"}],"predecessor-version":[{"id":577,"href":"https:\/\/www.lesvelosdarthur.fr\/index.php\/wp-json\/wp\/v2\/posts\/568\/revisions\/577"}],"wp:attachment":[{"href":"https:\/\/www.lesvelosdarthur.fr\/index.php\/wp-json\/wp\/v2\/media?parent=568"}],"wp:term":[{"taxonomy":"category","embeddable":true,"href":"https:\/\/www.lesvelosdarthur.fr\/index.php\/wp-json\/wp\/v2\/categories?post=568"},{"taxonomy":"post_tag","embeddable":true,"href":"https:\/\/www.lesvelosdarthur.fr\/index.php\/wp-json\/wp\/v2\/tags?post=568"}],"curies":[{"name":"wp","href":"https:\/\/api.w.org\/{rel}","templated":true}]}}